{"id":1,"date":"2022-02-23T11:16:22","date_gmt":"2022-02-23T10:16:22","guid":{"rendered":"https:\/\/kfumcentral.se\/mabast\/?p=1"},"modified":"2023-02-23T22:20:24","modified_gmt":"2023-02-23T21:20:24","slug":"intervju-med-idrottspsykolog-lina-tiren","status":"publish","type":"post","link":"https:\/\/kfumcentral.se\/mabast\/2022\/02\/23\/intervju-med-idrottspsykolog-lina-tiren\/","title":{"rendered":"Intervju med idrottspsykolog Lina Tir\u00e9n."},"content":{"rendered":"<p>M\u00e5 B\u00e4st! har st\u00e4llt n\u00e5gra fr\u00e5gor om mental h\u00e4lsa till Lina Tir\u00e9n, idrottspsykolog p\u00e5 organisationen We and Sports.<\/p>\n<p><!--more--><\/p>\n<p><span class=\"TextRun SCXW252768711 BCX0\" lang=\"SV-SE\" xml:lang=\"SV-SE\" data-contrast=\"auto\"><span class=\"NormalTextRun SCXW252768711 BCX0\"> Lina har mer \u00e4n 15 \u00e5rs erfarenhet av att arbeta med idrottares mentala h\u00e4lsa genom bland annat Riksidrottsf\u00f6rbundet, Sveriges Olympiska Kommitt\u00e9 och <\/span><span class=\"SpellingError SCXW252768711 BCX0\">We<\/span><span class=\"NormalTextRun SCXW252768711 BCX0\"> &amp; Sports. Hon <\/span><span class=\"NormalTextRun SCXW252768711 BCX0\">har <\/span><span class=\"NormalTextRun SCXW252768711 BCX0\">en elitidrottsbakgrund d\u00e4r intresset startade f\u00f6r \u00e4mnet idrottspsykologi. <\/span><span class=\"NormalTextRun SCXW252768711 BCX0\">Lina <\/span><span class=\"NormalTextRun SCXW252768711 BCX0\">arbetar<\/span><span class=\"NormalTextRun SCXW252768711 BCX0\"> med <\/span><span class=\"SpellingError SCXW252768711 BCX0\">We<\/span><span class=\"NormalTextRun SCXW252768711 BCX0\"> &amp; Sports utbildningar<\/span><span class=\"NormalTextRun SCXW252768711 BCX0\">, <\/span><span class=\"NormalTextRun SCXW252768711 BCX0\">f\u00f6rel\u00e4sningar <\/span><span class=\"NormalTextRun SCXW252768711 BCX0\">och<\/span><span class=\"NormalTextRun SCXW252768711 BCX0\"> individuella <\/span><span class=\"NormalTextRun SCXW252768711 BCX0\">st\u00f6dinsatser<\/span><span class=\"NormalTextRun SCXW252768711 BCX0\">. Hon \u00e4r \u00e4ven ansvarig f\u00f6r <\/span><span class=\"SpellingError SCXW252768711 BCX0\">We<\/span><span class=\"NormalTextRun SCXW252768711 BCX0\"> &amp; Sports forsknings<\/span><span class=\"NormalTextRun SCXW252768711 BCX0\">samarbeten.<\/span><\/span><\/p>\n<p><b><span data-contrast=\"none\">Hej Lina! Varf\u00f6r tycker du det \u00e4r viktigt att arbeta med psykisk h\u00e4lsa med unga som m\u00e5lgrupp?\u202f\u202f<\/span><\/b><span data-ccp-props=\"{&quot;201341983&quot;:0,&quot;335559739&quot;:0,&quot;335559740&quot;:240}\">\u00a0<\/span><span data-contrast=\"none\">De \u00e4r v\u00e5r framtid. Om vi inte kan skapa positiva, trygga milj\u00f6er som \u00e4r fr\u00e4mjande f\u00f6r ungas h\u00e4lsa och v\u00e4lbefinnande s\u00e5 har vi ett jobb att g\u00f6ra (!), tycker jag.<\/span><span data-ccp-props=\"{&quot;201341983&quot;:0,&quot;335559739&quot;:0,&quot;335559740&quot;:240}\">\u00a0<\/span><\/p>\n<p><b><span data-contrast=\"none\">Vilken typ av kunskap om psykisk h\u00e4lsa\/oh\u00e4lsa anser du att personer som m\u00f6ter unga i sin yrkesroll beh\u00f6ver?\u202f\u202f<\/span><\/b><span data-ccp-props=\"{&quot;201341983&quot;:0,&quot;335559739&quot;:0,&quot;335559740&quot;:240}\"><br \/>\n<\/span><span data-contrast=\"none\">Baskunskaper i vad som \u00e4r viktigt f\u00f6r mental h\u00e4lsa, k\u00e4nna till riskfaktorer f\u00f6r psykisk oh\u00e4lsa och friskfaktorer f\u00f6r psykisk h\u00e4lsa, och kunna till\u00e4mpa det.<\/span><span data-ccp-props=\"{&quot;201341983&quot;:0,&quot;335559739&quot;:0,&quot;335559740&quot;:240}\">\u00a0<\/span><\/p>\n<p><b><span data-contrast=\"none\">Har du n\u00e5got r\u00e5d till idrottsf\u00f6reningar som vill uppm\u00e4rksamma psykisk och mental\u202fh\u00e4lsa i sin f\u00f6rening?\u202f<\/span><\/b><span data-ccp-props=\"{&quot;201341983&quot;:0,&quot;335559739&quot;:0,&quot;335559740&quot;:240}\"><br \/>\n<\/span><span data-contrast=\"none\">Att inf\u00f6ra rutiner p\u00e5 hur man f\u00e5ngar upp och arbetar med dessa fr\u00e5gor. Ha utbildningar f\u00f6r alla m\u00e5lgrupper (tr\u00e4nare, ledare, idrottare och f\u00f6r\u00e4ldrar) d\u00e5 visar man att det \u00e4r viktigt. Och att arbeta med mental h\u00e4lsa i lika stor utstr\u00e4ckning som andra omr\u00e5den t ex fysik och teknik, det ska vara en given del av tr\u00e4ningen.<\/span><span data-ccp-props=\"{&quot;201341983&quot;:0,&quot;335559739&quot;:0,&quot;335559740&quot;:240}\">\u00a0<\/span><\/p>\n<p><b><span data-contrast=\"none\">Har du n\u00e5gra tips till f\u00f6reningar som saknar ekonomiska resurser att arbeta fr\u00e4mjande f\u00f6r psykisk h\u00e4lsa?<br \/>\n<\/span><\/b><span data-ccp-props=\"{&quot;201341983&quot;:0,&quot;335559739&quot;:0,&quot;335559740&quot;:240}\">\u00a0<\/span><span data-contrast=\"none\">Sm\u00e5 saker kan g\u00f6ra stor skillnad. Identifiera med hj\u00e4lp av expertis n\u00e5gra nycklar som man till\u00e4mpar och implementerar som kan fr\u00e4mja ungas psykiska h\u00e4lsa.<\/span><span data-ccp-props=\"{&quot;201341983&quot;:0,&quot;335559739&quot;:0,&quot;335559740&quot;:240}\">\u00a0<\/span><\/p>\n<p><b><span data-contrast=\"none\">I f\u00f6reningslivet \u00e4r ju aktiviteten i fokus. Har du n\u00e5gra tips p\u00e5 hur man som exempelvis baskettr\u00e4nare kan arbeta fr\u00e4mjande f\u00f6r psykisk h\u00e4lsa?\u202f\u202f<\/span><\/b><span data-ccp-props=\"{&quot;201341983&quot;:0,&quot;335559739&quot;:0,&quot;335559740&quot;:240}\"><br \/>\n<\/span><span data-contrast=\"none\">Arbeta f\u00f6r att alla i gruppen ska k\u00e4nna sig trygga, uppskattade och v\u00e4rdefulla som m\u00e4nniskor.\u00a0<\/span><span data-ccp-props=\"{&quot;201341983&quot;:0,&quot;335559739&quot;:0,&quot;335559740&quot;:240}\">\u00a0<\/span><\/p>\n","protected":false},"excerpt":{"rendered":"<p>M\u00e5 B\u00e4st! har st\u00e4llt n\u00e5gra fr\u00e5gor om mental h\u00e4lsa till Lina Tir\u00e9n, idrottspsykolog p\u00e5 organisationen We and Sports.<\/p>\n","protected":false},"author":1,"featured_media":417,"comment_status":"open","ping_status":"open","sticky":false,"template":"","format":"standard","meta":{"_acf_changed":false,"inline_featured_image":false,"_monsterinsights_skip_tracking":false,"_monsterinsights_sitenote_active":false,"_monsterinsights_sitenote_note":"","_monsterinsights_sitenote_category":0,"footnotes":""},"categories":[4],"tags":[],"class_list":["post-1","post","type-post","status-publish","format-standard","has-post-thumbnail","hentry","category-intervju"],"acf":[],"yoast_head":"<!-- This site is optimized with the Yoast SEO plugin v27.4 - https:\/\/yoast.com\/product\/yoast-seo-wordpress\/ -->\n<title>Intervju med idrottspsykolog Lina Tir\u00e9n. - KFUM Central - M\u00e5 b\u00e4st<\/title>\n<meta name=\"robots\" content=\"index, follow, max-snippet:-1, max-image-preview:large, max-video-preview:-1\" \/>\n<link rel=\"canonical\" href=\"https:\/\/kfumcentral.se\/mabast\/2022\/02\/23\/intervju-med-idrottspsykolog-lina-tiren\/\" \/>\n<meta property=\"og:locale\" content=\"sv_SE\" \/>\n<meta property=\"og:type\" content=\"article\" \/>\n<meta property=\"og:title\" content=\"Intervju med idrottspsykolog Lina Tir\u00e9n. - KFUM Central - M\u00e5 b\u00e4st\" \/>\n<meta property=\"og:description\" content=\"M\u00e5 B\u00e4st! har st\u00e4llt n\u00e5gra fr\u00e5gor om mental h\u00e4lsa till Lina Tir\u00e9n, idrottspsykolog p\u00e5 organisationen We and Sports.\" \/>\n<meta property=\"og:url\" content=\"https:\/\/kfumcentral.se\/mabast\/2022\/02\/23\/intervju-med-idrottspsykolog-lina-tiren\/\" \/>\n<meta property=\"og:site_name\" content=\"KFUM Central - M\u00e5 b\u00e4st\" \/>\n<meta property=\"article:published_time\" content=\"2022-02-23T10:16:22+00:00\" \/>\n<meta property=\"article:modified_time\" content=\"2023-02-23T21:20:24+00:00\" \/>\n<meta property=\"og:image\" content=\"http:\/\/kfumcentral.se\/mabast\/wp-content\/uploads\/sites\/4\/2022\/12\/maxresdefault-e1671186649868.jpg\" \/>\n\t<meta property=\"og:image:width\" content=\"684\" \/>\n\t<meta property=\"og:image:height\" content=\"720\" \/>\n\t<meta property=\"og:image:type\" content=\"image\/jpeg\" \/>\n<meta name=\"author\" content=\"admin\" \/>\n<meta name=\"twitter:card\" content=\"summary_large_image\" \/>\n<meta name=\"twitter:label1\" content=\"Skriven av\" \/>\n\t<meta name=\"twitter:data1\" content=\"admin\" \/>\n\t<meta name=\"twitter:label2\" content=\"Ber\u00e4knad l\u00e4stid\" \/>\n\t<meta name=\"twitter:data2\" content=\"2 minuter\" \/>\n<script type=\"application\/ld+json\" class=\"yoast-schema-graph\">{\"@context\":\"https:\\\/\\\/schema.org\",\"@graph\":[{\"@type\":\"Article\",\"@id\":\"https:\\\/\\\/kfumcentral.se\\\/mabast\\\/2022\\\/02\\\/23\\\/intervju-med-idrottspsykolog-lina-tiren\\\/#article\",\"isPartOf\":{\"@id\":\"https:\\\/\\\/kfumcentral.se\\\/mabast\\\/2022\\\/02\\\/23\\\/intervju-med-idrottspsykolog-lina-tiren\\\/\"},\"author\":{\"name\":\"admin\",\"@id\":\"https:\\\/\\\/kfumcentral.se\\\/mabast\\\/#\\\/schema\\\/person\\\/b9a05ea9dfeb44aef116f6979550bfd1\"},\"headline\":\"Intervju med idrottspsykolog Lina Tir\u00e9n.\",\"datePublished\":\"2022-02-23T10:16:22+00:00\",\"dateModified\":\"2023-02-23T21:20:24+00:00\",\"mainEntityOfPage\":{\"@id\":\"https:\\\/\\\/kfumcentral.se\\\/mabast\\\/2022\\\/02\\\/23\\\/intervju-med-idrottspsykolog-lina-tiren\\\/\"},\"wordCount\":393,\"commentCount\":1,\"image\":{\"@id\":\"https:\\\/\\\/kfumcentral.se\\\/mabast\\\/2022\\\/02\\\/23\\\/intervju-med-idrottspsykolog-lina-tiren\\\/#primaryimage\"},\"thumbnailUrl\":\"https:\\\/\\\/kfumcentral.se\\\/mabast\\\/wp-content\\\/uploads\\\/sites\\\/4\\\/2022\\\/12\\\/maxresdefault-e1671186649868.jpg\",\"articleSection\":[\"Intervju\"],\"inLanguage\":\"sv-SE\",\"potentialAction\":[{\"@type\":\"CommentAction\",\"name\":\"Comment\",\"target\":[\"https:\\\/\\\/kfumcentral.se\\\/mabast\\\/2022\\\/02\\\/23\\\/intervju-med-idrottspsykolog-lina-tiren\\\/#respond\"]}]},{\"@type\":\"WebPage\",\"@id\":\"https:\\\/\\\/kfumcentral.se\\\/mabast\\\/2022\\\/02\\\/23\\\/intervju-med-idrottspsykolog-lina-tiren\\\/\",\"url\":\"https:\\\/\\\/kfumcentral.se\\\/mabast\\\/2022\\\/02\\\/23\\\/intervju-med-idrottspsykolog-lina-tiren\\\/\",\"name\":\"Intervju med idrottspsykolog Lina Tir\u00e9n. - KFUM Central - M\u00e5 b\u00e4st\",\"isPartOf\":{\"@id\":\"https:\\\/\\\/kfumcentral.se\\\/mabast\\\/#website\"},\"primaryImageOfPage\":{\"@id\":\"https:\\\/\\\/kfumcentral.se\\\/mabast\\\/2022\\\/02\\\/23\\\/intervju-med-idrottspsykolog-lina-tiren\\\/#primaryimage\"},\"image\":{\"@id\":\"https:\\\/\\\/kfumcentral.se\\\/mabast\\\/2022\\\/02\\\/23\\\/intervju-med-idrottspsykolog-lina-tiren\\\/#primaryimage\"},\"thumbnailUrl\":\"https:\\\/\\\/kfumcentral.se\\\/mabast\\\/wp-content\\\/uploads\\\/sites\\\/4\\\/2022\\\/12\\\/maxresdefault-e1671186649868.jpg\",\"datePublished\":\"2022-02-23T10:16:22+00:00\",\"dateModified\":\"2023-02-23T21:20:24+00:00\",\"author\":{\"@id\":\"https:\\\/\\\/kfumcentral.se\\\/mabast\\\/#\\\/schema\\\/person\\\/b9a05ea9dfeb44aef116f6979550bfd1\"},\"breadcrumb\":{\"@id\":\"https:\\\/\\\/kfumcentral.se\\\/mabast\\\/2022\\\/02\\\/23\\\/intervju-med-idrottspsykolog-lina-tiren\\\/#breadcrumb\"},\"inLanguage\":\"sv-SE\",\"potentialAction\":[{\"@type\":\"ReadAction\",\"target\":[\"https:\\\/\\\/kfumcentral.se\\\/mabast\\\/2022\\\/02\\\/23\\\/intervju-med-idrottspsykolog-lina-tiren\\\/\"]}]},{\"@type\":\"ImageObject\",\"inLanguage\":\"sv-SE\",\"@id\":\"https:\\\/\\\/kfumcentral.se\\\/mabast\\\/2022\\\/02\\\/23\\\/intervju-med-idrottspsykolog-lina-tiren\\\/#primaryimage\",\"url\":\"https:\\\/\\\/kfumcentral.se\\\/mabast\\\/wp-content\\\/uploads\\\/sites\\\/4\\\/2022\\\/12\\\/maxresdefault-e1671186649868.jpg\",\"contentUrl\":\"https:\\\/\\\/kfumcentral.se\\\/mabast\\\/wp-content\\\/uploads\\\/sites\\\/4\\\/2022\\\/12\\\/maxresdefault-e1671186649868.jpg\",\"width\":684,\"height\":720},{\"@type\":\"BreadcrumbList\",\"@id\":\"https:\\\/\\\/kfumcentral.se\\\/mabast\\\/2022\\\/02\\\/23\\\/intervju-med-idrottspsykolog-lina-tiren\\\/#breadcrumb\",\"itemListElement\":[{\"@type\":\"ListItem\",\"position\":1,\"name\":\"Hem\",\"item\":\"https:\\\/\\\/kfumcentral.se\\\/mabast\\\/\"},{\"@type\":\"ListItem\",\"position\":2,\"name\":\"Intervju med idrottspsykolog Lina Tir\u00e9n.\"}]},{\"@type\":\"WebSite\",\"@id\":\"https:\\\/\\\/kfumcentral.se\\\/mabast\\\/#website\",\"url\":\"https:\\\/\\\/kfumcentral.se\\\/mabast\\\/\",\"name\":\"KFUM Central - M\u00e5 b\u00e4st\",\"description\":\"Empowering Young People\",\"potentialAction\":[{\"@type\":\"SearchAction\",\"target\":{\"@type\":\"EntryPoint\",\"urlTemplate\":\"https:\\\/\\\/kfumcentral.se\\\/mabast\\\/?s={search_term_string}\"},\"query-input\":{\"@type\":\"PropertyValueSpecification\",\"valueRequired\":true,\"valueName\":\"search_term_string\"}}],\"inLanguage\":\"sv-SE\"},{\"@type\":\"Person\",\"@id\":\"https:\\\/\\\/kfumcentral.se\\\/mabast\\\/#\\\/schema\\\/person\\\/b9a05ea9dfeb44aef116f6979550bfd1\",\"name\":\"admin\",\"image\":{\"@type\":\"ImageObject\",\"inLanguage\":\"sv-SE\",\"@id\":\"https:\\\/\\\/secure.gravatar.com\\\/avatar\\\/fad57e6b75a106423814ea762a093f1b6dbc83e85b1cf845df7bf4b2a742b400?s=96&d=mm&r=g\",\"url\":\"https:\\\/\\\/secure.gravatar.com\\\/avatar\\\/fad57e6b75a106423814ea762a093f1b6dbc83e85b1cf845df7bf4b2a742b400?s=96&d=mm&r=g\",\"contentUrl\":\"https:\\\/\\\/secure.gravatar.com\\\/avatar\\\/fad57e6b75a106423814ea762a093f1b6dbc83e85b1cf845df7bf4b2a742b400?s=96&d=mm&r=g\",\"caption\":\"admin\"},\"sameAs\":[\"http:\\\/\\\/central.qte.nu\"],\"url\":\"https:\\\/\\\/kfumcentral.se\\\/mabast\\\/author\\\/admin\\\/\"}]}<\/script>\n<!-- \/ Yoast SEO plugin. -->","yoast_head_json":{"title":"Intervju med idrottspsykolog Lina Tir\u00e9n. - KFUM Central - M\u00e5 b\u00e4st","robots":{"index":"index","follow":"follow","max-snippet":"max-snippet:-1","max-image-preview":"max-image-preview:large","max-video-preview":"max-video-preview:-1"},"canonical":"https:\/\/kfumcentral.se\/mabast\/2022\/02\/23\/intervju-med-idrottspsykolog-lina-tiren\/","og_locale":"sv_SE","og_type":"article","og_title":"Intervju med idrottspsykolog Lina Tir\u00e9n. - KFUM Central - M\u00e5 b\u00e4st","og_description":"M\u00e5 B\u00e4st! har st\u00e4llt n\u00e5gra fr\u00e5gor om mental h\u00e4lsa till Lina Tir\u00e9n, idrottspsykolog p\u00e5 organisationen We and Sports.","og_url":"https:\/\/kfumcentral.se\/mabast\/2022\/02\/23\/intervju-med-idrottspsykolog-lina-tiren\/","og_site_name":"KFUM Central - M\u00e5 b\u00e4st","article_published_time":"2022-02-23T10:16:22+00:00","article_modified_time":"2023-02-23T21:20:24+00:00","og_image":[{"width":684,"height":720,"url":"http:\/\/kfumcentral.se\/mabast\/wp-content\/uploads\/sites\/4\/2022\/12\/maxresdefault-e1671186649868.jpg","type":"image\/jpeg"}],"author":"admin","twitter_card":"summary_large_image","twitter_misc":{"Skriven av":"admin","Ber\u00e4knad l\u00e4stid":"2 minuter"},"schema":{"@context":"https:\/\/schema.org","@graph":[{"@type":"Article","@id":"https:\/\/kfumcentral.se\/mabast\/2022\/02\/23\/intervju-med-idrottspsykolog-lina-tiren\/#article","isPartOf":{"@id":"https:\/\/kfumcentral.se\/mabast\/2022\/02\/23\/intervju-med-idrottspsykolog-lina-tiren\/"},"author":{"name":"admin","@id":"https:\/\/kfumcentral.se\/mabast\/#\/schema\/person\/b9a05ea9dfeb44aef116f6979550bfd1"},"headline":"Intervju med idrottspsykolog Lina Tir\u00e9n.","datePublished":"2022-02-23T10:16:22+00:00","dateModified":"2023-02-23T21:20:24+00:00","mainEntityOfPage":{"@id":"https:\/\/kfumcentral.se\/mabast\/2022\/02\/23\/intervju-med-idrottspsykolog-lina-tiren\/"},"wordCount":393,"commentCount":1,"image":{"@id":"https:\/\/kfumcentral.se\/mabast\/2022\/02\/23\/intervju-med-idrottspsykolog-lina-tiren\/#primaryimage"},"thumbnailUrl":"https:\/\/kfumcentral.se\/mabast\/wp-content\/uploads\/sites\/4\/2022\/12\/maxresdefault-e1671186649868.jpg","articleSection":["Intervju"],"inLanguage":"sv-SE","potentialAction":[{"@type":"CommentAction","name":"Comment","target":["https:\/\/kfumcentral.se\/mabast\/2022\/02\/23\/intervju-med-idrottspsykolog-lina-tiren\/#respond"]}]},{"@type":"WebPage","@id":"https:\/\/kfumcentral.se\/mabast\/2022\/02\/23\/intervju-med-idrottspsykolog-lina-tiren\/","url":"https:\/\/kfumcentral.se\/mabast\/2022\/02\/23\/intervju-med-idrottspsykolog-lina-tiren\/","name":"Intervju med idrottspsykolog Lina Tir\u00e9n. - KFUM Central - M\u00e5 b\u00e4st","isPartOf":{"@id":"https:\/\/kfumcentral.se\/mabast\/#website"},"primaryImageOfPage":{"@id":"https:\/\/kfumcentral.se\/mabast\/2022\/02\/23\/intervju-med-idrottspsykolog-lina-tiren\/#primaryimage"},"image":{"@id":"https:\/\/kfumcentral.se\/mabast\/2022\/02\/23\/intervju-med-idrottspsykolog-lina-tiren\/#primaryimage"},"thumbnailUrl":"https:\/\/kfumcentral.se\/mabast\/wp-content\/uploads\/sites\/4\/2022\/12\/maxresdefault-e1671186649868.jpg","datePublished":"2022-02-23T10:16:22+00:00","dateModified":"2023-02-23T21:20:24+00:00","author":{"@id":"https:\/\/kfumcentral.se\/mabast\/#\/schema\/person\/b9a05ea9dfeb44aef116f6979550bfd1"},"breadcrumb":{"@id":"https:\/\/kfumcentral.se\/mabast\/2022\/02\/23\/intervju-med-idrottspsykolog-lina-tiren\/#breadcrumb"},"inLanguage":"sv-SE","potentialAction":[{"@type":"ReadAction","target":["https:\/\/kfumcentral.se\/mabast\/2022\/02\/23\/intervju-med-idrottspsykolog-lina-tiren\/"]}]},{"@type":"ImageObject","inLanguage":"sv-SE","@id":"https:\/\/kfumcentral.se\/mabast\/2022\/02\/23\/intervju-med-idrottspsykolog-lina-tiren\/#primaryimage","url":"https:\/\/kfumcentral.se\/mabast\/wp-content\/uploads\/sites\/4\/2022\/12\/maxresdefault-e1671186649868.jpg","contentUrl":"https:\/\/kfumcentral.se\/mabast\/wp-content\/uploads\/sites\/4\/2022\/12\/maxresdefault-e1671186649868.jpg","width":684,"height":720},{"@type":"BreadcrumbList","@id":"https:\/\/kfumcentral.se\/mabast\/2022\/02\/23\/intervju-med-idrottspsykolog-lina-tiren\/#breadcrumb","itemListElement":[{"@type":"ListItem","position":1,"name":"Hem","item":"https:\/\/kfumcentral.se\/mabast\/"},{"@type":"ListItem","position":2,"name":"Intervju med idrottspsykolog Lina Tir\u00e9n."}]},{"@type":"WebSite","@id":"https:\/\/kfumcentral.se\/mabast\/#website","url":"https:\/\/kfumcentral.se\/mabast\/","name":"KFUM Central - M\u00e5 b\u00e4st","description":"Empowering Young People","potentialAction":[{"@type":"SearchAction","target":{"@type":"EntryPoint","urlTemplate":"https:\/\/kfumcentral.se\/mabast\/?s={search_term_string}"},"query-input":{"@type":"PropertyValueSpecification","valueRequired":true,"valueName":"search_term_string"}}],"inLanguage":"sv-SE"},{"@type":"Person","@id":"https:\/\/kfumcentral.se\/mabast\/#\/schema\/person\/b9a05ea9dfeb44aef116f6979550bfd1","name":"admin","image":{"@type":"ImageObject","inLanguage":"sv-SE","@id":"https:\/\/secure.gravatar.com\/avatar\/fad57e6b75a106423814ea762a093f1b6dbc83e85b1cf845df7bf4b2a742b400?s=96&d=mm&r=g","url":"https:\/\/secure.gravatar.com\/avatar\/fad57e6b75a106423814ea762a093f1b6dbc83e85b1cf845df7bf4b2a742b400?s=96&d=mm&r=g","contentUrl":"https:\/\/secure.gravatar.com\/avatar\/fad57e6b75a106423814ea762a093f1b6dbc83e85b1cf845df7bf4b2a742b400?s=96&d=mm&r=g","caption":"admin"},"sameAs":["http:\/\/central.qte.nu"],"url":"https:\/\/kfumcentral.se\/mabast\/author\/admin\/"}]}},"_links":{"self":[{"href":"https:\/\/kfumcentral.se\/mabast\/wp-json\/wp\/v2\/posts\/1","targetHints":{"allow":["GET"]}}],"collection":[{"href":"https:\/\/kfumcentral.se\/mabast\/wp-json\/wp\/v2\/posts"}],"about":[{"href":"https:\/\/kfumcentral.se\/mabast\/wp-json\/wp\/v2\/types\/post"}],"author":[{"embeddable":true,"href":"https:\/\/kfumcentral.se\/mabast\/wp-json\/wp\/v2\/users\/1"}],"replies":[{"embeddable":true,"href":"https:\/\/kfumcentral.se\/mabast\/wp-json\/wp\/v2\/comments?post=1"}],"version-history":[{"count":13,"href":"https:\/\/kfumcentral.se\/mabast\/wp-json\/wp\/v2\/posts\/1\/revisions"}],"predecessor-version":[{"id":529,"href":"https:\/\/kfumcentral.se\/mabast\/wp-json\/wp\/v2\/posts\/1\/revisions\/529"}],"wp:featuredmedia":[{"embeddable":true,"href":"https:\/\/kfumcentral.se\/mabast\/wp-json\/wp\/v2\/media\/417"}],"wp:attachment":[{"href":"https:\/\/kfumcentral.se\/mabast\/wp-json\/wp\/v2\/media?parent=1"}],"wp:term":[{"taxonomy":"category","embeddable":true,"href":"https:\/\/kfumcentral.se\/mabast\/wp-json\/wp\/v2\/categories?post=1"},{"taxonomy":"post_tag","embeddable":true,"href":"https:\/\/kfumcentral.se\/mabast\/wp-json\/wp\/v2\/tags?post=1"}],"curies":[{"name":"wp","href":"https:\/\/api.w.org\/{rel}","templated":true}]}}