{"id":249,"date":"2022-02-23T09:00:46","date_gmt":"2022-02-23T08:00:46","guid":{"rendered":"https:\/\/kfumcentral.se\/mabast\/?p=249"},"modified":"2023-02-23T22:19:34","modified_gmt":"2023-02-23T21:19:34","slug":"intervju-med-tilias-grundare-och-generalsekreterare-annso-blixt","status":"publish","type":"post","link":"https:\/\/kfumcentral.se\/mabast\/2022\/02\/23\/intervju-med-tilias-grundare-och-generalsekreterare-annso-blixt\/","title":{"rendered":"Intervju med Annso Blixt. Generaldirekt\u00f6r och grundare f\u00f6r organisationen Tilia"},"content":{"rendered":"<p>Tilias grundare och generalsekreterare Annso Blixt svarar p\u00e5 fr\u00e5gor om ungas psykiska h\u00e4lsa\/oh\u00e4lsa och hur ledare inom f\u00f6reningslivet kan m\u00f6ta behoven.<!--more--><\/p>\n<p><b><span data-contrast=\"auto\">Hej Annso! varf\u00f6r tycker du det \u00e4r viktigt att arbeta med psykisk h\u00e4lsa med unga som m\u00e5lgrupp? <\/span><\/b><span data-ccp-props=\"{&quot;201341983&quot;:0,&quot;335551550&quot;:0,&quot;335551620&quot;:0,&quot;335559739&quot;:160,&quot;335559740&quot;:259}\"><br \/>\n<\/span><span data-contrast=\"auto\">Det finns s\u00e5 oerh\u00f6rt mycket klokskap och m\u00f6jligheter hos varje individ som ing\u00e5r i \u201dm\u00e5lgruppen\u201d. Jag har jobbat med h\u00e4lsa med vuxna ocks\u00e5, men jag hittade min plats hos unga\/unga vuxna och jag tycker det \u00e4r roligt f\u00f6r att de besitter ofta en v\u00e4ldigt nyfiken och \u00f6dmjuk inst\u00e4llning. De VILL m\u00e5 bra\/b\u00e4ttre och de \u00e4r inlyssnande kring hur man kan g\u00f6ra och \u00e4r inte r\u00e4dda f\u00f6r att testa det man f\u00f6resl\u00e5r\/kommer fram till tillsammans.<\/span><span data-ccp-props=\"{&quot;201341983&quot;:0,&quot;335551550&quot;:0,&quot;335551620&quot;:0,&quot;335559739&quot;:160,&quot;335559740&quot;:259}\">\u00a0<\/span><\/p>\n<p><b><span data-contrast=\"auto\">P\u00e5 vilket s\u00e4tt kan vuxna i ungdomars omgivning fr\u00e4mja psykisk h\u00e4lsa?<\/span><\/b><span data-ccp-props=\"{&quot;201341983&quot;:0,&quot;335551550&quot;:0,&quot;335551620&quot;:0,&quot;335559739&quot;:160,&quot;335559740&quot;:259}\"><br \/>\n<\/span><span data-contrast=\"auto\">N\u00e5got vi vuxna kan beh\u00f6va arbeta p\u00e5 \u00e4r v\u00e5r n\u00e4rvaro, d\u00e4rigenom upplever jag att mycket l\u00f6ser sig. D\u00e5 \u00e4r vi \u00f6ppna f\u00f6r att se individen vi har framf\u00f6r oss och det \u00e4r ofta i detta enkla vi n\u00e5r fram.<\/span><span data-ccp-props=\"{&quot;201341983&quot;:0,&quot;335551550&quot;:0,&quot;335551620&quot;:0,&quot;335559739&quot;:160,&quot;335559740&quot;:259}\">\u00a0<\/span><\/p>\n<p><b><span data-contrast=\"auto\">Vilken typ av kunskap om psykisk h\u00e4lsa\/oh\u00e4lsa anser du att personer som m\u00f6ter unga i sin yrkesroll beh\u00f6ver?<\/span><\/b><span data-ccp-props=\"{&quot;201341983&quot;:0,&quot;335551550&quot;:0,&quot;335551620&quot;:0,&quot;335559739&quot;:160,&quot;335559740&quot;:259}\"><br \/>\n<\/span><span data-contrast=\"auto\">Vara medveten om att psykisk oh\u00e4lsa inte \u201dser ut\u201d p\u00e5 ett visst sett, det kan d\u00f6lja sig vad som helst p\u00e5 insidan och min erfarenhet \u00e4r att de som h\u00e5ller skenet uppe mest kan vara de som b\u00e4r p\u00e5 mest.<\/span><span data-ccp-props=\"{&quot;201341983&quot;:0,&quot;335551550&quot;:0,&quot;335551620&quot;:0,&quot;335559739&quot;:160,&quot;335559740&quot;:259}\"><br \/>\n<\/span><span data-contrast=\"auto\">Jag tycker ocks\u00e5 att man ska b\u00f6rja med att investera i en utbildning eller bara googla runt lite\/kolla tips p\u00e5 sociala medier efter kunskap om hur man blir en b\u00e4ttre lyssnare, d\u00e4r det ibland handlar om att vara tyst och l\u00e5ta en person prata klart utan att l\u00e4gga in egna v\u00e4rderingar, ibland st\u00e4mma av att man f\u00f6rst\u00e5tt r\u00e4tt, ibland fr\u00e5ga om personen vill ha ett tips eller r\u00e5d innan man ger det. Att inte utg\u00e5 fr\u00e5n sig sj\u00e4lv utan att f\u00f6rs\u00f6ka kliva ur sig sj\u00e4lv och in i ett f\u00f6rs\u00f6k till att \u201df\u00f6rst\u00e5\u201d s\u00e5 mycket som bara g\u00e5r hos den man har framf\u00f6r sig. Att inse sina egna begr\u00e4nsningar, vara trygg med att det man i stunden kan g\u00f6ra kan r\u00e4cka, vara \u00e4rlig och om man till exempel vill h\u00e4nvisa personen vidare, vilket i vissa fall kan beh\u00f6vas, vara noga med att g\u00f6ra det i samr\u00e5d.<\/span><span data-ccp-props=\"{&quot;201341983&quot;:0,&quot;335551550&quot;:0,&quot;335551620&quot;:0,&quot;335559739&quot;:160,&quot;335559740&quot;:259}\">\u00a0<\/span><\/p>\n<p><b><span data-contrast=\"auto\">I f\u00f6reningslivet \u00e4r ju aktiviteten i fokus. Har du n\u00e5gra tips p\u00e5 hur man som exempelvis baskettr\u00e4nare kan arbeta fr\u00e4mjande f\u00f6r psykisk h\u00e4lsa?\u00a0<\/span><\/b><br \/>\n<span data-contrast=\"auto\">Kanske genom medvetenhet om att b\u00e5de prestation och aktivitet faktiskt ocks\u00e5 kan g\u00f6ra folk sjuka, om pressen blir f\u00f6r h\u00f6g. Vinna \u00e4r kul, ocks\u00e5 att ha m\u00e5l inom idrott, men se till hur man kan skapa en sund kultur kring detta bortom hets och att folk b\u00f6rjar m\u00e5 d\u00e5ligt.<\/span><span data-ccp-props=\"{&quot;201341983&quot;:0,&quot;335551550&quot;:0,&quot;335551620&quot;:0,&quot;335559739&quot;:160,&quot;335559740&quot;:259}\">\u00a0<\/span><\/p>\n","protected":false},"excerpt":{"rendered":"<p>Tilias grundare och generalsekreterare Annso Blixt svarar p\u00e5 fr\u00e5gor om ungas psykiska h\u00e4lsa\/oh\u00e4lsa och hur ledare inom f\u00f6reningslivet kan m\u00f6ta behoven.<\/p>\n","protected":false},"author":1,"featured_media":425,"comment_status":"open","ping_status":"open","sticky":false,"template":"","format":"standard","meta":{"_acf_changed":false,"inline_featured_image":false,"_monsterinsights_skip_tracking":false,"_monsterinsights_sitenote_active":false,"_monsterinsights_sitenote_note":"","_monsterinsights_sitenote_category":0,"footnotes":""},"categories":[4],"tags":[],"class_list":["post-249","post","type-post","status-publish","format-standard","has-post-thumbnail","hentry","category-intervju"],"acf":[],"yoast_head":"<!-- This site is optimized with the Yoast SEO plugin v27.4 - https:\/\/yoast.com\/product\/yoast-seo-wordpress\/ -->\n<title>Intervju med Annso Blixt. Generaldirekt\u00f6r och grundare f\u00f6r organisationen Tilia - KFUM Central - M\u00e5 b\u00e4st Intervju med Annso Blixt. Generaldirekt\u00f6r och grundare f\u00f6r organisationen Tilia KFUM Central - M\u00e5 b\u00e4st<\/title>\n<meta name=\"description\" content=\"M\u00e5 b\u00e4st har fr\u00e5gat Tilias grundare och generalsekreterare Annso Aronsson om\u00a0hennes tankar om ungas psykiska h\u00e4lsa\/oh\u00e4lsa och hur ledare inom f\u00f6reningslivet kan m\u00f6ta behovet\" \/>\n<meta name=\"robots\" content=\"index, follow, max-snippet:-1, max-image-preview:large, max-video-preview:-1\" \/>\n<link rel=\"canonical\" href=\"https:\/\/kfumcentral.se\/mabast\/2022\/02\/23\/intervju-med-tilias-grundare-och-generalsekreterare-annso-blixt\/\" \/>\n<meta property=\"og:locale\" content=\"sv_SE\" \/>\n<meta property=\"og:type\" content=\"article\" \/>\n<meta property=\"og:title\" content=\"Intervju med Annso Blixt. Generaldirekt\u00f6r och grundare f\u00f6r organisationen Tilia - KFUM Central - M\u00e5 b\u00e4st Intervju med Annso Blixt. Generaldirekt\u00f6r och grundare f\u00f6r organisationen Tilia KFUM Central - M\u00e5 b\u00e4st\" \/>\n<meta property=\"og:description\" content=\"M\u00e5 b\u00e4st har fr\u00e5gat Tilias grundare och generalsekreterare Annso Aronsson om\u00a0hennes tankar om ungas psykiska h\u00e4lsa\/oh\u00e4lsa och hur ledare inom f\u00f6reningslivet kan m\u00f6ta behovet\" \/>\n<meta property=\"og:url\" content=\"https:\/\/kfumcentral.se\/mabast\/2022\/02\/23\/intervju-med-tilias-grundare-och-generalsekreterare-annso-blixt\/\" \/>\n<meta property=\"og:site_name\" content=\"KFUM Central - M\u00e5 b\u00e4st\" \/>\n<meta property=\"article:published_time\" content=\"2022-02-23T08:00:46+00:00\" \/>\n<meta property=\"article:modified_time\" content=\"2023-02-23T21:19:34+00:00\" \/>\n<meta property=\"og:image\" content=\"http:\/\/kfumcentral.se\/mabast\/wp-content\/uploads\/sites\/4\/2022\/12\/DSC2365-1-1.jpg\" \/>\n\t<meta property=\"og:image:width\" content=\"1333\" \/>\n\t<meta property=\"og:image:height\" content=\"2000\" \/>\n\t<meta property=\"og:image:type\" content=\"image\/jpeg\" \/>\n<meta name=\"author\" content=\"admin\" \/>\n<meta name=\"twitter:card\" content=\"summary_large_image\" \/>\n<meta name=\"twitter:label1\" content=\"Skriven av\" \/>\n\t<meta name=\"twitter:data1\" content=\"admin\" \/>\n\t<meta name=\"twitter:label2\" content=\"Ber\u00e4knad l\u00e4stid\" \/>\n\t<meta name=\"twitter:data2\" content=\"3 minuter\" \/>\n<script type=\"application\/ld+json\" class=\"yoast-schema-graph\">{\"@context\":\"https:\\\/\\\/schema.org\",\"@graph\":[{\"@type\":\"Article\",\"@id\":\"https:\\\/\\\/kfumcentral.se\\\/mabast\\\/2022\\\/02\\\/23\\\/intervju-med-tilias-grundare-och-generalsekreterare-annso-blixt\\\/#article\",\"isPartOf\":{\"@id\":\"https:\\\/\\\/kfumcentral.se\\\/mabast\\\/2022\\\/02\\\/23\\\/intervju-med-tilias-grundare-och-generalsekreterare-annso-blixt\\\/\"},\"author\":{\"name\":\"admin\",\"@id\":\"https:\\\/\\\/kfumcentral.se\\\/mabast\\\/#\\\/schema\\\/person\\\/b9a05ea9dfeb44aef116f6979550bfd1\"},\"headline\":\"Intervju med Annso Blixt. Generaldirekt\u00f6r och grundare f\u00f6r organisationen Tilia\",\"datePublished\":\"2022-02-23T08:00:46+00:00\",\"dateModified\":\"2023-02-23T21:19:34+00:00\",\"mainEntityOfPage\":{\"@id\":\"https:\\\/\\\/kfumcentral.se\\\/mabast\\\/2022\\\/02\\\/23\\\/intervju-med-tilias-grundare-och-generalsekreterare-annso-blixt\\\/\"},\"wordCount\":540,\"commentCount\":0,\"image\":{\"@id\":\"https:\\\/\\\/kfumcentral.se\\\/mabast\\\/2022\\\/02\\\/23\\\/intervju-med-tilias-grundare-och-generalsekreterare-annso-blixt\\\/#primaryimage\"},\"thumbnailUrl\":\"https:\\\/\\\/kfumcentral.se\\\/mabast\\\/wp-content\\\/uploads\\\/sites\\\/4\\\/2022\\\/12\\\/DSC2365-1-1.jpg\",\"articleSection\":[\"Intervju\"],\"inLanguage\":\"sv-SE\",\"potentialAction\":[{\"@type\":\"CommentAction\",\"name\":\"Comment\",\"target\":[\"https:\\\/\\\/kfumcentral.se\\\/mabast\\\/2022\\\/02\\\/23\\\/intervju-med-tilias-grundare-och-generalsekreterare-annso-blixt\\\/#respond\"]}]},{\"@type\":\"WebPage\",\"@id\":\"https:\\\/\\\/kfumcentral.se\\\/mabast\\\/2022\\\/02\\\/23\\\/intervju-med-tilias-grundare-och-generalsekreterare-annso-blixt\\\/\",\"url\":\"https:\\\/\\\/kfumcentral.se\\\/mabast\\\/2022\\\/02\\\/23\\\/intervju-med-tilias-grundare-och-generalsekreterare-annso-blixt\\\/\",\"name\":\"Intervju med Annso Blixt. Generaldirekt\u00f6r och grundare f\u00f6r organisationen Tilia - KFUM Central - M\u00e5 b\u00e4st Intervju med Annso Blixt. Generaldirekt\u00f6r och grundare f\u00f6r organisationen Tilia KFUM Central - M\u00e5 b\u00e4st\",\"isPartOf\":{\"@id\":\"https:\\\/\\\/kfumcentral.se\\\/mabast\\\/#website\"},\"primaryImageOfPage\":{\"@id\":\"https:\\\/\\\/kfumcentral.se\\\/mabast\\\/2022\\\/02\\\/23\\\/intervju-med-tilias-grundare-och-generalsekreterare-annso-blixt\\\/#primaryimage\"},\"image\":{\"@id\":\"https:\\\/\\\/kfumcentral.se\\\/mabast\\\/2022\\\/02\\\/23\\\/intervju-med-tilias-grundare-och-generalsekreterare-annso-blixt\\\/#primaryimage\"},\"thumbnailUrl\":\"https:\\\/\\\/kfumcentral.se\\\/mabast\\\/wp-content\\\/uploads\\\/sites\\\/4\\\/2022\\\/12\\\/DSC2365-1-1.jpg\",\"datePublished\":\"2022-02-23T08:00:46+00:00\",\"dateModified\":\"2023-02-23T21:19:34+00:00\",\"author\":{\"@id\":\"https:\\\/\\\/kfumcentral.se\\\/mabast\\\/#\\\/schema\\\/person\\\/b9a05ea9dfeb44aef116f6979550bfd1\"},\"description\":\"M\u00e5 b\u00e4st har fr\u00e5gat Tilias grundare och generalsekreterare Annso Aronsson om\u00a0hennes tankar om ungas psykiska h\u00e4lsa\\\/oh\u00e4lsa och hur ledare inom f\u00f6reningslivet kan m\u00f6ta behovet\",\"breadcrumb\":{\"@id\":\"https:\\\/\\\/kfumcentral.se\\\/mabast\\\/2022\\\/02\\\/23\\\/intervju-med-tilias-grundare-och-generalsekreterare-annso-blixt\\\/#breadcrumb\"},\"inLanguage\":\"sv-SE\",\"potentialAction\":[{\"@type\":\"ReadAction\",\"target\":[\"https:\\\/\\\/kfumcentral.se\\\/mabast\\\/2022\\\/02\\\/23\\\/intervju-med-tilias-grundare-och-generalsekreterare-annso-blixt\\\/\"]}]},{\"@type\":\"ImageObject\",\"inLanguage\":\"sv-SE\",\"@id\":\"https:\\\/\\\/kfumcentral.se\\\/mabast\\\/2022\\\/02\\\/23\\\/intervju-med-tilias-grundare-och-generalsekreterare-annso-blixt\\\/#primaryimage\",\"url\":\"https:\\\/\\\/kfumcentral.se\\\/mabast\\\/wp-content\\\/uploads\\\/sites\\\/4\\\/2022\\\/12\\\/DSC2365-1-1.jpg\",\"contentUrl\":\"https:\\\/\\\/kfumcentral.se\\\/mabast\\\/wp-content\\\/uploads\\\/sites\\\/4\\\/2022\\\/12\\\/DSC2365-1-1.jpg\",\"width\":1333,\"height\":2000,\"caption\":\"Annso Blixt\"},{\"@type\":\"BreadcrumbList\",\"@id\":\"https:\\\/\\\/kfumcentral.se\\\/mabast\\\/2022\\\/02\\\/23\\\/intervju-med-tilias-grundare-och-generalsekreterare-annso-blixt\\\/#breadcrumb\",\"itemListElement\":[{\"@type\":\"ListItem\",\"position\":1,\"name\":\"Hem\",\"item\":\"https:\\\/\\\/kfumcentral.se\\\/mabast\\\/\"},{\"@type\":\"ListItem\",\"position\":2,\"name\":\"Intervju med Annso Blixt. Generaldirekt\u00f6r och grundare f\u00f6r organisationen Tilia\"}]},{\"@type\":\"WebSite\",\"@id\":\"https:\\\/\\\/kfumcentral.se\\\/mabast\\\/#website\",\"url\":\"https:\\\/\\\/kfumcentral.se\\\/mabast\\\/\",\"name\":\"KFUM Central - M\u00e5 b\u00e4st\",\"description\":\"Empowering Young People\",\"potentialAction\":[{\"@type\":\"SearchAction\",\"target\":{\"@type\":\"EntryPoint\",\"urlTemplate\":\"https:\\\/\\\/kfumcentral.se\\\/mabast\\\/?s={search_term_string}\"},\"query-input\":{\"@type\":\"PropertyValueSpecification\",\"valueRequired\":true,\"valueName\":\"search_term_string\"}}],\"inLanguage\":\"sv-SE\"},{\"@type\":\"Person\",\"@id\":\"https:\\\/\\\/kfumcentral.se\\\/mabast\\\/#\\\/schema\\\/person\\\/b9a05ea9dfeb44aef116f6979550bfd1\",\"name\":\"admin\",\"image\":{\"@type\":\"ImageObject\",\"inLanguage\":\"sv-SE\",\"@id\":\"https:\\\/\\\/secure.gravatar.com\\\/avatar\\\/fad57e6b75a106423814ea762a093f1b6dbc83e85b1cf845df7bf4b2a742b400?s=96&d=mm&r=g\",\"url\":\"https:\\\/\\\/secure.gravatar.com\\\/avatar\\\/fad57e6b75a106423814ea762a093f1b6dbc83e85b1cf845df7bf4b2a742b400?s=96&d=mm&r=g\",\"contentUrl\":\"https:\\\/\\\/secure.gravatar.com\\\/avatar\\\/fad57e6b75a106423814ea762a093f1b6dbc83e85b1cf845df7bf4b2a742b400?s=96&d=mm&r=g\",\"caption\":\"admin\"},\"sameAs\":[\"http:\\\/\\\/central.qte.nu\"],\"url\":\"https:\\\/\\\/kfumcentral.se\\\/mabast\\\/author\\\/admin\\\/\"}]}<\/script>\n<!-- \/ Yoast SEO plugin. -->","yoast_head_json":{"title":"Intervju med Annso Blixt. Generaldirekt\u00f6r och grundare f\u00f6r organisationen Tilia - KFUM Central - M\u00e5 b\u00e4st Intervju med Annso Blixt. Generaldirekt\u00f6r och grundare f\u00f6r organisationen Tilia KFUM Central - M\u00e5 b\u00e4st","description":"M\u00e5 b\u00e4st har fr\u00e5gat Tilias grundare och generalsekreterare Annso Aronsson om\u00a0hennes tankar om ungas psykiska h\u00e4lsa\/oh\u00e4lsa och hur ledare inom f\u00f6reningslivet kan m\u00f6ta behovet","robots":{"index":"index","follow":"follow","max-snippet":"max-snippet:-1","max-image-preview":"max-image-preview:large","max-video-preview":"max-video-preview:-1"},"canonical":"https:\/\/kfumcentral.se\/mabast\/2022\/02\/23\/intervju-med-tilias-grundare-och-generalsekreterare-annso-blixt\/","og_locale":"sv_SE","og_type":"article","og_title":"Intervju med Annso Blixt. Generaldirekt\u00f6r och grundare f\u00f6r organisationen Tilia - KFUM Central - M\u00e5 b\u00e4st Intervju med Annso Blixt. Generaldirekt\u00f6r och grundare f\u00f6r organisationen Tilia KFUM Central - M\u00e5 b\u00e4st","og_description":"M\u00e5 b\u00e4st har fr\u00e5gat Tilias grundare och generalsekreterare Annso Aronsson om\u00a0hennes tankar om ungas psykiska h\u00e4lsa\/oh\u00e4lsa och hur ledare inom f\u00f6reningslivet kan m\u00f6ta behovet","og_url":"https:\/\/kfumcentral.se\/mabast\/2022\/02\/23\/intervju-med-tilias-grundare-och-generalsekreterare-annso-blixt\/","og_site_name":"KFUM Central - M\u00e5 b\u00e4st","article_published_time":"2022-02-23T08:00:46+00:00","article_modified_time":"2023-02-23T21:19:34+00:00","og_image":[{"width":1333,"height":2000,"url":"http:\/\/kfumcentral.se\/mabast\/wp-content\/uploads\/sites\/4\/2022\/12\/DSC2365-1-1.jpg","type":"image\/jpeg"}],"author":"admin","twitter_card":"summary_large_image","twitter_misc":{"Skriven av":"admin","Ber\u00e4knad l\u00e4stid":"3 minuter"},"schema":{"@context":"https:\/\/schema.org","@graph":[{"@type":"Article","@id":"https:\/\/kfumcentral.se\/mabast\/2022\/02\/23\/intervju-med-tilias-grundare-och-generalsekreterare-annso-blixt\/#article","isPartOf":{"@id":"https:\/\/kfumcentral.se\/mabast\/2022\/02\/23\/intervju-med-tilias-grundare-och-generalsekreterare-annso-blixt\/"},"author":{"name":"admin","@id":"https:\/\/kfumcentral.se\/mabast\/#\/schema\/person\/b9a05ea9dfeb44aef116f6979550bfd1"},"headline":"Intervju med Annso Blixt. Generaldirekt\u00f6r och grundare f\u00f6r organisationen Tilia","datePublished":"2022-02-23T08:00:46+00:00","dateModified":"2023-02-23T21:19:34+00:00","mainEntityOfPage":{"@id":"https:\/\/kfumcentral.se\/mabast\/2022\/02\/23\/intervju-med-tilias-grundare-och-generalsekreterare-annso-blixt\/"},"wordCount":540,"commentCount":0,"image":{"@id":"https:\/\/kfumcentral.se\/mabast\/2022\/02\/23\/intervju-med-tilias-grundare-och-generalsekreterare-annso-blixt\/#primaryimage"},"thumbnailUrl":"https:\/\/kfumcentral.se\/mabast\/wp-content\/uploads\/sites\/4\/2022\/12\/DSC2365-1-1.jpg","articleSection":["Intervju"],"inLanguage":"sv-SE","potentialAction":[{"@type":"CommentAction","name":"Comment","target":["https:\/\/kfumcentral.se\/mabast\/2022\/02\/23\/intervju-med-tilias-grundare-och-generalsekreterare-annso-blixt\/#respond"]}]},{"@type":"WebPage","@id":"https:\/\/kfumcentral.se\/mabast\/2022\/02\/23\/intervju-med-tilias-grundare-och-generalsekreterare-annso-blixt\/","url":"https:\/\/kfumcentral.se\/mabast\/2022\/02\/23\/intervju-med-tilias-grundare-och-generalsekreterare-annso-blixt\/","name":"Intervju med Annso Blixt. Generaldirekt\u00f6r och grundare f\u00f6r organisationen Tilia - KFUM Central - M\u00e5 b\u00e4st Intervju med Annso Blixt. Generaldirekt\u00f6r och grundare f\u00f6r organisationen Tilia KFUM Central - M\u00e5 b\u00e4st","isPartOf":{"@id":"https:\/\/kfumcentral.se\/mabast\/#website"},"primaryImageOfPage":{"@id":"https:\/\/kfumcentral.se\/mabast\/2022\/02\/23\/intervju-med-tilias-grundare-och-generalsekreterare-annso-blixt\/#primaryimage"},"image":{"@id":"https:\/\/kfumcentral.se\/mabast\/2022\/02\/23\/intervju-med-tilias-grundare-och-generalsekreterare-annso-blixt\/#primaryimage"},"thumbnailUrl":"https:\/\/kfumcentral.se\/mabast\/wp-content\/uploads\/sites\/4\/2022\/12\/DSC2365-1-1.jpg","datePublished":"2022-02-23T08:00:46+00:00","dateModified":"2023-02-23T21:19:34+00:00","author":{"@id":"https:\/\/kfumcentral.se\/mabast\/#\/schema\/person\/b9a05ea9dfeb44aef116f6979550bfd1"},"description":"M\u00e5 b\u00e4st har fr\u00e5gat Tilias grundare och generalsekreterare Annso Aronsson om\u00a0hennes tankar om ungas psykiska h\u00e4lsa\/oh\u00e4lsa och hur ledare inom f\u00f6reningslivet kan m\u00f6ta behovet","breadcrumb":{"@id":"https:\/\/kfumcentral.se\/mabast\/2022\/02\/23\/intervju-med-tilias-grundare-och-generalsekreterare-annso-blixt\/#breadcrumb"},"inLanguage":"sv-SE","potentialAction":[{"@type":"ReadAction","target":["https:\/\/kfumcentral.se\/mabast\/2022\/02\/23\/intervju-med-tilias-grundare-och-generalsekreterare-annso-blixt\/"]}]},{"@type":"ImageObject","inLanguage":"sv-SE","@id":"https:\/\/kfumcentral.se\/mabast\/2022\/02\/23\/intervju-med-tilias-grundare-och-generalsekreterare-annso-blixt\/#primaryimage","url":"https:\/\/kfumcentral.se\/mabast\/wp-content\/uploads\/sites\/4\/2022\/12\/DSC2365-1-1.jpg","contentUrl":"https:\/\/kfumcentral.se\/mabast\/wp-content\/uploads\/sites\/4\/2022\/12\/DSC2365-1-1.jpg","width":1333,"height":2000,"caption":"Annso Blixt"},{"@type":"BreadcrumbList","@id":"https:\/\/kfumcentral.se\/mabast\/2022\/02\/23\/intervju-med-tilias-grundare-och-generalsekreterare-annso-blixt\/#breadcrumb","itemListElement":[{"@type":"ListItem","position":1,"name":"Hem","item":"https:\/\/kfumcentral.se\/mabast\/"},{"@type":"ListItem","position":2,"name":"Intervju med Annso Blixt. Generaldirekt\u00f6r och grundare f\u00f6r organisationen Tilia"}]},{"@type":"WebSite","@id":"https:\/\/kfumcentral.se\/mabast\/#website","url":"https:\/\/kfumcentral.se\/mabast\/","name":"KFUM Central - M\u00e5 b\u00e4st","description":"Empowering Young People","potentialAction":[{"@type":"SearchAction","target":{"@type":"EntryPoint","urlTemplate":"https:\/\/kfumcentral.se\/mabast\/?s={search_term_string}"},"query-input":{"@type":"PropertyValueSpecification","valueRequired":true,"valueName":"search_term_string"}}],"inLanguage":"sv-SE"},{"@type":"Person","@id":"https:\/\/kfumcentral.se\/mabast\/#\/schema\/person\/b9a05ea9dfeb44aef116f6979550bfd1","name":"admin","image":{"@type":"ImageObject","inLanguage":"sv-SE","@id":"https:\/\/secure.gravatar.com\/avatar\/fad57e6b75a106423814ea762a093f1b6dbc83e85b1cf845df7bf4b2a742b400?s=96&d=mm&r=g","url":"https:\/\/secure.gravatar.com\/avatar\/fad57e6b75a106423814ea762a093f1b6dbc83e85b1cf845df7bf4b2a742b400?s=96&d=mm&r=g","contentUrl":"https:\/\/secure.gravatar.com\/avatar\/fad57e6b75a106423814ea762a093f1b6dbc83e85b1cf845df7bf4b2a742b400?s=96&d=mm&r=g","caption":"admin"},"sameAs":["http:\/\/central.qte.nu"],"url":"https:\/\/kfumcentral.se\/mabast\/author\/admin\/"}]}},"_links":{"self":[{"href":"https:\/\/kfumcentral.se\/mabast\/wp-json\/wp\/v2\/posts\/249","targetHints":{"allow":["GET"]}}],"collection":[{"href":"https:\/\/kfumcentral.se\/mabast\/wp-json\/wp\/v2\/posts"}],"about":[{"href":"https:\/\/kfumcentral.se\/mabast\/wp-json\/wp\/v2\/types\/post"}],"author":[{"embeddable":true,"href":"https:\/\/kfumcentral.se\/mabast\/wp-json\/wp\/v2\/users\/1"}],"replies":[{"embeddable":true,"href":"https:\/\/kfumcentral.se\/mabast\/wp-json\/wp\/v2\/comments?post=249"}],"version-history":[{"count":16,"href":"https:\/\/kfumcentral.se\/mabast\/wp-json\/wp\/v2\/posts\/249\/revisions"}],"predecessor-version":[{"id":669,"href":"https:\/\/kfumcentral.se\/mabast\/wp-json\/wp\/v2\/posts\/249\/revisions\/669"}],"wp:featuredmedia":[{"embeddable":true,"href":"https:\/\/kfumcentral.se\/mabast\/wp-json\/wp\/v2\/media\/425"}],"wp:attachment":[{"href":"https:\/\/kfumcentral.se\/mabast\/wp-json\/wp\/v2\/media?parent=249"}],"wp:term":[{"taxonomy":"category","embeddable":true,"href":"https:\/\/kfumcentral.se\/mabast\/wp-json\/wp\/v2\/categories?post=249"},{"taxonomy":"post_tag","embeddable":true,"href":"https:\/\/kfumcentral.se\/mabast\/wp-json\/wp\/v2\/tags?post=249"}],"curies":[{"name":"wp","href":"https:\/\/api.w.org\/{rel}","templated":true}]}}