{"id":970,"date":"2023-03-01T14:48:14","date_gmt":"2023-03-01T13:48:14","guid":{"rendered":"https:\/\/kfumcentral.se\/mabast\/?p=970"},"modified":"2023-03-07T09:44:56","modified_gmt":"2023-03-07T08:44:56","slug":"ma-bast-ar-antligen-redo-att-leverera-sin-forsta-utbildning","status":"publish","type":"post","link":"https:\/\/kfumcentral.se\/mabast\/2023\/03\/01\/ma-bast-ar-antligen-redo-att-leverera-sin-forsta-utbildning\/","title":{"rendered":"M\u00e5 B\u00e4st! \u00c4r redo att leverera sin f\u00f6rsta utbildning"},"content":{"rendered":"<h4>M\u00e5 B\u00e4st! har under tagit fram en utbildning f\u00f6r m\u00e5lgruppen unga och unga vuxna om psykisk h\u00e4lsa..<\/h4>\n<p><!--more--><\/p>\n<p>Utbildningen syfte \u00e4r att ge grundl\u00e4ggande kunskap om omr\u00e5det psykisk h\u00e4lsa f\u00f6r \u00e5ldersgruppen 13-20 \u00e5r. Materialet \u00e4r framtaget i samarbete med Louise Aronsson, tidigare f\u00f6rel\u00e4sare p\u00e5 organisationen Tilia som arbetar f\u00f6r ungas psykisk h\u00e4lsa.<\/p>\n<p>M\u00e5 b\u00e4st! vill genom utbildningen bidra till positiva f\u00f6r\u00e4ndringar p\u00e5 individniv\u00e5 genom att:<\/p>\n<ol>\n<li><strong>St\u00e4rka individen egen f\u00f6rm\u00e5ga att hantera utmaningar.\u00a0 \u00a0 \u00a0 \u00a0 \u00a0 \u00a0 \u00a0 \u00a0 \u00a0 \u00a0\u00a0<\/strong><\/li>\n<li><strong>\u00d6ka kunskapen om psykisk h\u00e4lsa.<\/strong><\/li>\n<li><strong>Tillhandah\u00e5lla strategier f\u00f6r att fr\u00e4mja sin psykisk h\u00e4lsa.\u00a0 \u00a0 \u00a0 \u00a0 \u00a0 \u00a0 \u00a0 <\/strong><strong>\u00a0 \u00a0 \u00a0 \u00a0 \u00a0 \u00a0 \u00a0 \u00a0 \u00a0<\/strong><\/li>\n<\/ol>\n<h4><\/h4>\n<h4>Utbildningens inneh\u00e5ll och uppl\u00e4gg<\/h4>\n<p>Utbildningen h\u00e5lls i tv\u00e5 separata delar, men kan komprimeras till ett tillf\u00e4lle vid \u00f6nskem\u00e5l.<\/p>\n<h4><strong>Psykisk h\u00e4lsa 101<\/strong><\/h4>\n<p><strong> del 1<br \/>\n<\/strong>Utbildningens syfte \u00e4r att ge grundl\u00e4ggande kunskap om psykisk h\u00e4lsa, f\u00f6rst\u00e5else \u00f6ver varf\u00f6r vi m\u00e5r d\u00e5ligt ibland och verktyg f\u00f6r att p\u00e5verka sitt m\u00e5ende positivt.<br \/>\nUtbildningens kommer f\u00f6rst och fr\u00e4mst att h\u00e5llas i fysisk f\u00f6rel\u00e4sande form, med interaktiva och reflekterande inslag.<\/p>\n<p><strong>del 2<br \/>\n<\/strong>\u00c4r en p\u00e5byggnadsf\u00f6rel\u00e4sning, allts\u00e5 en forts\u00e4ttning p\u00e5 del 1, men utifr\u00e5n ett ledarskapsperspektiv. Utbildningen vill ge verktyg och tips till unga i ledarskapsposition att st\u00f6tta andra unga. Id\u00e9n till detta uppl\u00e4gg kommer fr\u00e5n alla de ledarskapsutbildningar som riktar sig till unga och som ofta saknar detta perspektiv. D\u00e5 psykiska besv\u00e4r tyv\u00e4rr \u00e4r v\u00e4ldigt vanligt i dag beh\u00f6ver unga ledare redskap och kunskap i \u00e4mnet, b\u00e5de f\u00f6r sin egen psykiska h\u00e4lsas skull samt utifr\u00e5n rollen som ledare.<\/p>\n<p>F\u00f6rel\u00e4sningarna kommer att vara en del i KFUM Centrals VI-utbildning men kommer \u00e4ven att h\u00e5llas under v\u00e5ren 2023 i Emma-utbildningen i april samt f\u00f6r sommarens ledare i \u00c4ngsholmens l\u00e4gerverksamhets. Vill du \u00f6ka kunskapen hos unga om psykisk h\u00e4lsa i din f\u00f6rening, Kontakta Frida<br \/>\n<a href=\"mailto:frida.bramskog@kfumcentral.se\">frida.bramskog@kfumcentral.se<\/a><\/p>\n","protected":false},"excerpt":{"rendered":"<p>M\u00e5 B\u00e4st! har under tagit fram en utbildning f\u00f6r m\u00e5lgruppen unga och unga vuxna om psykisk h\u00e4lsa..<\/p>\n","protected":false},"author":62,"featured_media":989,"comment_status":"open","ping_status":"open","sticky":false,"template":"","format":"standard","meta":{"_acf_changed":false,"inline_featured_image":false,"_monsterinsights_skip_tracking":false,"_monsterinsights_sitenote_active":false,"_monsterinsights_sitenote_note":"","_monsterinsights_sitenote_category":0,"footnotes":""},"categories":[5],"tags":[],"class_list":["post-970","post","type-post","status-publish","format-standard","has-post-thumbnail","hentry","category-nyhet"],"acf":[],"yoast_head":"<!-- This site is optimized with the Yoast SEO plugin v27.4 - https:\/\/yoast.com\/product\/yoast-seo-wordpress\/ -->\n<title>M\u00e5 B\u00e4st! \u00c4r redo att leverera sin f\u00f6rsta utbildning - KFUM Central - M\u00e5 b\u00e4st<\/title>\n<meta name=\"robots\" content=\"index, follow, max-snippet:-1, max-image-preview:large, max-video-preview:-1\" \/>\n<link rel=\"canonical\" href=\"https:\/\/kfumcentral.se\/mabast\/2023\/03\/01\/ma-bast-ar-antligen-redo-att-leverera-sin-forsta-utbildning\/\" \/>\n<meta property=\"og:locale\" content=\"sv_SE\" \/>\n<meta property=\"og:type\" content=\"article\" \/>\n<meta property=\"og:title\" content=\"M\u00e5 B\u00e4st! \u00c4r redo att leverera sin f\u00f6rsta utbildning - KFUM Central - M\u00e5 b\u00e4st\" \/>\n<meta property=\"og:description\" content=\"M\u00e5 B\u00e4st! har under tagit fram en utbildning f\u00f6r m\u00e5lgruppen unga och unga vuxna om psykisk h\u00e4lsa..\" \/>\n<meta property=\"og:url\" content=\"https:\/\/kfumcentral.se\/mabast\/2023\/03\/01\/ma-bast-ar-antligen-redo-att-leverera-sin-forsta-utbildning\/\" \/>\n<meta property=\"og:site_name\" content=\"KFUM Central - M\u00e5 b\u00e4st\" \/>\n<meta property=\"article:published_time\" content=\"2023-03-01T13:48:14+00:00\" \/>\n<meta property=\"article:modified_time\" content=\"2023-03-07T08:44:56+00:00\" \/>\n<meta property=\"og:image\" content=\"http:\/\/kfumcentral.se\/mabast\/wp-content\/uploads\/sites\/4\/2023\/03\/forstasidan-forelasning--e1678177276383.jpg\" \/>\n\t<meta property=\"og:image:width\" content=\"800\" \/>\n\t<meta property=\"og:image:height\" content=\"432\" \/>\n\t<meta property=\"og:image:type\" content=\"image\/jpeg\" \/>\n<meta name=\"author\" content=\"frida\" \/>\n<meta name=\"twitter:card\" content=\"summary_large_image\" \/>\n<meta name=\"twitter:label1\" content=\"Skriven av\" \/>\n\t<meta name=\"twitter:data1\" content=\"frida\" \/>\n\t<meta name=\"twitter:label2\" content=\"Ber\u00e4knad l\u00e4stid\" \/>\n\t<meta name=\"twitter:data2\" content=\"2 minuter\" \/>\n<script type=\"application\/ld+json\" class=\"yoast-schema-graph\">{\"@context\":\"https:\\\/\\\/schema.org\",\"@graph\":[{\"@type\":\"Article\",\"@id\":\"https:\\\/\\\/kfumcentral.se\\\/mabast\\\/2023\\\/03\\\/01\\\/ma-bast-ar-antligen-redo-att-leverera-sin-forsta-utbildning\\\/#article\",\"isPartOf\":{\"@id\":\"https:\\\/\\\/kfumcentral.se\\\/mabast\\\/2023\\\/03\\\/01\\\/ma-bast-ar-antligen-redo-att-leverera-sin-forsta-utbildning\\\/\"},\"author\":{\"name\":\"frida\",\"@id\":\"https:\\\/\\\/kfumcentral.se\\\/mabast\\\/#\\\/schema\\\/person\\\/e03903a73c7d2e989c99e3afa47c7908\"},\"headline\":\"M\u00e5 B\u00e4st! \u00c4r redo att leverera sin f\u00f6rsta utbildning\",\"datePublished\":\"2023-03-01T13:48:14+00:00\",\"dateModified\":\"2023-03-07T08:44:56+00:00\",\"mainEntityOfPage\":{\"@id\":\"https:\\\/\\\/kfumcentral.se\\\/mabast\\\/2023\\\/03\\\/01\\\/ma-bast-ar-antligen-redo-att-leverera-sin-forsta-utbildning\\\/\"},\"wordCount\":348,\"commentCount\":0,\"image\":{\"@id\":\"https:\\\/\\\/kfumcentral.se\\\/mabast\\\/2023\\\/03\\\/01\\\/ma-bast-ar-antligen-redo-att-leverera-sin-forsta-utbildning\\\/#primaryimage\"},\"thumbnailUrl\":\"https:\\\/\\\/kfumcentral.se\\\/mabast\\\/wp-content\\\/uploads\\\/sites\\\/4\\\/2023\\\/03\\\/forstasidan-forelasning--e1678177276383.jpg\",\"articleSection\":[\"Nyhet\"],\"inLanguage\":\"sv-SE\",\"potentialAction\":[{\"@type\":\"CommentAction\",\"name\":\"Comment\",\"target\":[\"https:\\\/\\\/kfumcentral.se\\\/mabast\\\/2023\\\/03\\\/01\\\/ma-bast-ar-antligen-redo-att-leverera-sin-forsta-utbildning\\\/#respond\"]}]},{\"@type\":\"WebPage\",\"@id\":\"https:\\\/\\\/kfumcentral.se\\\/mabast\\\/2023\\\/03\\\/01\\\/ma-bast-ar-antligen-redo-att-leverera-sin-forsta-utbildning\\\/\",\"url\":\"https:\\\/\\\/kfumcentral.se\\\/mabast\\\/2023\\\/03\\\/01\\\/ma-bast-ar-antligen-redo-att-leverera-sin-forsta-utbildning\\\/\",\"name\":\"M\u00e5 B\u00e4st! \u00c4r redo att leverera sin f\u00f6rsta utbildning - KFUM Central - M\u00e5 b\u00e4st\",\"isPartOf\":{\"@id\":\"https:\\\/\\\/kfumcentral.se\\\/mabast\\\/#website\"},\"primaryImageOfPage\":{\"@id\":\"https:\\\/\\\/kfumcentral.se\\\/mabast\\\/2023\\\/03\\\/01\\\/ma-bast-ar-antligen-redo-att-leverera-sin-forsta-utbildning\\\/#primaryimage\"},\"image\":{\"@id\":\"https:\\\/\\\/kfumcentral.se\\\/mabast\\\/2023\\\/03\\\/01\\\/ma-bast-ar-antligen-redo-att-leverera-sin-forsta-utbildning\\\/#primaryimage\"},\"thumbnailUrl\":\"https:\\\/\\\/kfumcentral.se\\\/mabast\\\/wp-content\\\/uploads\\\/sites\\\/4\\\/2023\\\/03\\\/forstasidan-forelasning--e1678177276383.jpg\",\"datePublished\":\"2023-03-01T13:48:14+00:00\",\"dateModified\":\"2023-03-07T08:44:56+00:00\",\"author\":{\"@id\":\"https:\\\/\\\/kfumcentral.se\\\/mabast\\\/#\\\/schema\\\/person\\\/e03903a73c7d2e989c99e3afa47c7908\"},\"breadcrumb\":{\"@id\":\"https:\\\/\\\/kfumcentral.se\\\/mabast\\\/2023\\\/03\\\/01\\\/ma-bast-ar-antligen-redo-att-leverera-sin-forsta-utbildning\\\/#breadcrumb\"},\"inLanguage\":\"sv-SE\",\"potentialAction\":[{\"@type\":\"ReadAction\",\"target\":[\"https:\\\/\\\/kfumcentral.se\\\/mabast\\\/2023\\\/03\\\/01\\\/ma-bast-ar-antligen-redo-att-leverera-sin-forsta-utbildning\\\/\"]}]},{\"@type\":\"ImageObject\",\"inLanguage\":\"sv-SE\",\"@id\":\"https:\\\/\\\/kfumcentral.se\\\/mabast\\\/2023\\\/03\\\/01\\\/ma-bast-ar-antligen-redo-att-leverera-sin-forsta-utbildning\\\/#primaryimage\",\"url\":\"https:\\\/\\\/kfumcentral.se\\\/mabast\\\/wp-content\\\/uploads\\\/sites\\\/4\\\/2023\\\/03\\\/forstasidan-forelasning--e1678177276383.jpg\",\"contentUrl\":\"https:\\\/\\\/kfumcentral.se\\\/mabast\\\/wp-content\\\/uploads\\\/sites\\\/4\\\/2023\\\/03\\\/forstasidan-forelasning--e1678177276383.jpg\",\"width\":800,\"height\":432},{\"@type\":\"BreadcrumbList\",\"@id\":\"https:\\\/\\\/kfumcentral.se\\\/mabast\\\/2023\\\/03\\\/01\\\/ma-bast-ar-antligen-redo-att-leverera-sin-forsta-utbildning\\\/#breadcrumb\",\"itemListElement\":[{\"@type\":\"ListItem\",\"position\":1,\"name\":\"Hem\",\"item\":\"https:\\\/\\\/kfumcentral.se\\\/mabast\\\/\"},{\"@type\":\"ListItem\",\"position\":2,\"name\":\"M\u00e5 B\u00e4st! \u00c4r redo att leverera sin f\u00f6rsta utbildning\"}]},{\"@type\":\"WebSite\",\"@id\":\"https:\\\/\\\/kfumcentral.se\\\/mabast\\\/#website\",\"url\":\"https:\\\/\\\/kfumcentral.se\\\/mabast\\\/\",\"name\":\"KFUM Central - M\u00e5 b\u00e4st\",\"description\":\"Empowering Young People\",\"potentialAction\":[{\"@type\":\"SearchAction\",\"target\":{\"@type\":\"EntryPoint\",\"urlTemplate\":\"https:\\\/\\\/kfumcentral.se\\\/mabast\\\/?s={search_term_string}\"},\"query-input\":{\"@type\":\"PropertyValueSpecification\",\"valueRequired\":true,\"valueName\":\"search_term_string\"}}],\"inLanguage\":\"sv-SE\"},{\"@type\":\"Person\",\"@id\":\"https:\\\/\\\/kfumcentral.se\\\/mabast\\\/#\\\/schema\\\/person\\\/e03903a73c7d2e989c99e3afa47c7908\",\"name\":\"frida\",\"image\":{\"@type\":\"ImageObject\",\"inLanguage\":\"sv-SE\",\"@id\":\"https:\\\/\\\/secure.gravatar.com\\\/avatar\\\/38fb641bd704086696832f4e0696bcee80b4ec8d21fb5988221988bf878774e7?s=96&d=mm&r=g\",\"url\":\"https:\\\/\\\/secure.gravatar.com\\\/avatar\\\/38fb641bd704086696832f4e0696bcee80b4ec8d21fb5988221988bf878774e7?s=96&d=mm&r=g\",\"contentUrl\":\"https:\\\/\\\/secure.gravatar.com\\\/avatar\\\/38fb641bd704086696832f4e0696bcee80b4ec8d21fb5988221988bf878774e7?s=96&d=mm&r=g\",\"caption\":\"frida\"},\"url\":\"https:\\\/\\\/kfumcentral.se\\\/mabast\\\/author\\\/frida\\\/\"}]}<\/script>\n<!-- \/ Yoast SEO plugin. -->","yoast_head_json":{"title":"M\u00e5 B\u00e4st! \u00c4r redo att leverera sin f\u00f6rsta utbildning - KFUM Central - M\u00e5 b\u00e4st","robots":{"index":"index","follow":"follow","max-snippet":"max-snippet:-1","max-image-preview":"max-image-preview:large","max-video-preview":"max-video-preview:-1"},"canonical":"https:\/\/kfumcentral.se\/mabast\/2023\/03\/01\/ma-bast-ar-antligen-redo-att-leverera-sin-forsta-utbildning\/","og_locale":"sv_SE","og_type":"article","og_title":"M\u00e5 B\u00e4st! \u00c4r redo att leverera sin f\u00f6rsta utbildning - KFUM Central - M\u00e5 b\u00e4st","og_description":"M\u00e5 B\u00e4st! har under tagit fram en utbildning f\u00f6r m\u00e5lgruppen unga och unga vuxna om psykisk h\u00e4lsa..","og_url":"https:\/\/kfumcentral.se\/mabast\/2023\/03\/01\/ma-bast-ar-antligen-redo-att-leverera-sin-forsta-utbildning\/","og_site_name":"KFUM Central - M\u00e5 b\u00e4st","article_published_time":"2023-03-01T13:48:14+00:00","article_modified_time":"2023-03-07T08:44:56+00:00","og_image":[{"width":800,"height":432,"url":"http:\/\/kfumcentral.se\/mabast\/wp-content\/uploads\/sites\/4\/2023\/03\/forstasidan-forelasning--e1678177276383.jpg","type":"image\/jpeg"}],"author":"frida","twitter_card":"summary_large_image","twitter_misc":{"Skriven av":"frida","Ber\u00e4knad l\u00e4stid":"2 minuter"},"schema":{"@context":"https:\/\/schema.org","@graph":[{"@type":"Article","@id":"https:\/\/kfumcentral.se\/mabast\/2023\/03\/01\/ma-bast-ar-antligen-redo-att-leverera-sin-forsta-utbildning\/#article","isPartOf":{"@id":"https:\/\/kfumcentral.se\/mabast\/2023\/03\/01\/ma-bast-ar-antligen-redo-att-leverera-sin-forsta-utbildning\/"},"author":{"name":"frida","@id":"https:\/\/kfumcentral.se\/mabast\/#\/schema\/person\/e03903a73c7d2e989c99e3afa47c7908"},"headline":"M\u00e5 B\u00e4st! \u00c4r redo att leverera sin f\u00f6rsta utbildning","datePublished":"2023-03-01T13:48:14+00:00","dateModified":"2023-03-07T08:44:56+00:00","mainEntityOfPage":{"@id":"https:\/\/kfumcentral.se\/mabast\/2023\/03\/01\/ma-bast-ar-antligen-redo-att-leverera-sin-forsta-utbildning\/"},"wordCount":348,"commentCount":0,"image":{"@id":"https:\/\/kfumcentral.se\/mabast\/2023\/03\/01\/ma-bast-ar-antligen-redo-att-leverera-sin-forsta-utbildning\/#primaryimage"},"thumbnailUrl":"https:\/\/kfumcentral.se\/mabast\/wp-content\/uploads\/sites\/4\/2023\/03\/forstasidan-forelasning--e1678177276383.jpg","articleSection":["Nyhet"],"inLanguage":"sv-SE","potentialAction":[{"@type":"CommentAction","name":"Comment","target":["https:\/\/kfumcentral.se\/mabast\/2023\/03\/01\/ma-bast-ar-antligen-redo-att-leverera-sin-forsta-utbildning\/#respond"]}]},{"@type":"WebPage","@id":"https:\/\/kfumcentral.se\/mabast\/2023\/03\/01\/ma-bast-ar-antligen-redo-att-leverera-sin-forsta-utbildning\/","url":"https:\/\/kfumcentral.se\/mabast\/2023\/03\/01\/ma-bast-ar-antligen-redo-att-leverera-sin-forsta-utbildning\/","name":"M\u00e5 B\u00e4st! \u00c4r redo att leverera sin f\u00f6rsta utbildning - KFUM Central - M\u00e5 b\u00e4st","isPartOf":{"@id":"https:\/\/kfumcentral.se\/mabast\/#website"},"primaryImageOfPage":{"@id":"https:\/\/kfumcentral.se\/mabast\/2023\/03\/01\/ma-bast-ar-antligen-redo-att-leverera-sin-forsta-utbildning\/#primaryimage"},"image":{"@id":"https:\/\/kfumcentral.se\/mabast\/2023\/03\/01\/ma-bast-ar-antligen-redo-att-leverera-sin-forsta-utbildning\/#primaryimage"},"thumbnailUrl":"https:\/\/kfumcentral.se\/mabast\/wp-content\/uploads\/sites\/4\/2023\/03\/forstasidan-forelasning--e1678177276383.jpg","datePublished":"2023-03-01T13:48:14+00:00","dateModified":"2023-03-07T08:44:56+00:00","author":{"@id":"https:\/\/kfumcentral.se\/mabast\/#\/schema\/person\/e03903a73c7d2e989c99e3afa47c7908"},"breadcrumb":{"@id":"https:\/\/kfumcentral.se\/mabast\/2023\/03\/01\/ma-bast-ar-antligen-redo-att-leverera-sin-forsta-utbildning\/#breadcrumb"},"inLanguage":"sv-SE","potentialAction":[{"@type":"ReadAction","target":["https:\/\/kfumcentral.se\/mabast\/2023\/03\/01\/ma-bast-ar-antligen-redo-att-leverera-sin-forsta-utbildning\/"]}]},{"@type":"ImageObject","inLanguage":"sv-SE","@id":"https:\/\/kfumcentral.se\/mabast\/2023\/03\/01\/ma-bast-ar-antligen-redo-att-leverera-sin-forsta-utbildning\/#primaryimage","url":"https:\/\/kfumcentral.se\/mabast\/wp-content\/uploads\/sites\/4\/2023\/03\/forstasidan-forelasning--e1678177276383.jpg","contentUrl":"https:\/\/kfumcentral.se\/mabast\/wp-content\/uploads\/sites\/4\/2023\/03\/forstasidan-forelasning--e1678177276383.jpg","width":800,"height":432},{"@type":"BreadcrumbList","@id":"https:\/\/kfumcentral.se\/mabast\/2023\/03\/01\/ma-bast-ar-antligen-redo-att-leverera-sin-forsta-utbildning\/#breadcrumb","itemListElement":[{"@type":"ListItem","position":1,"name":"Hem","item":"https:\/\/kfumcentral.se\/mabast\/"},{"@type":"ListItem","position":2,"name":"M\u00e5 B\u00e4st! \u00c4r redo att leverera sin f\u00f6rsta utbildning"}]},{"@type":"WebSite","@id":"https:\/\/kfumcentral.se\/mabast\/#website","url":"https:\/\/kfumcentral.se\/mabast\/","name":"KFUM Central - M\u00e5 b\u00e4st","description":"Empowering Young People","potentialAction":[{"@type":"SearchAction","target":{"@type":"EntryPoint","urlTemplate":"https:\/\/kfumcentral.se\/mabast\/?s={search_term_string}"},"query-input":{"@type":"PropertyValueSpecification","valueRequired":true,"valueName":"search_term_string"}}],"inLanguage":"sv-SE"},{"@type":"Person","@id":"https:\/\/kfumcentral.se\/mabast\/#\/schema\/person\/e03903a73c7d2e989c99e3afa47c7908","name":"frida","image":{"@type":"ImageObject","inLanguage":"sv-SE","@id":"https:\/\/secure.gravatar.com\/avatar\/38fb641bd704086696832f4e0696bcee80b4ec8d21fb5988221988bf878774e7?s=96&d=mm&r=g","url":"https:\/\/secure.gravatar.com\/avatar\/38fb641bd704086696832f4e0696bcee80b4ec8d21fb5988221988bf878774e7?s=96&d=mm&r=g","contentUrl":"https:\/\/secure.gravatar.com\/avatar\/38fb641bd704086696832f4e0696bcee80b4ec8d21fb5988221988bf878774e7?s=96&d=mm&r=g","caption":"frida"},"url":"https:\/\/kfumcentral.se\/mabast\/author\/frida\/"}]}},"_links":{"self":[{"href":"https:\/\/kfumcentral.se\/mabast\/wp-json\/wp\/v2\/posts\/970","targetHints":{"allow":["GET"]}}],"collection":[{"href":"https:\/\/kfumcentral.se\/mabast\/wp-json\/wp\/v2\/posts"}],"about":[{"href":"https:\/\/kfumcentral.se\/mabast\/wp-json\/wp\/v2\/types\/post"}],"author":[{"embeddable":true,"href":"https:\/\/kfumcentral.se\/mabast\/wp-json\/wp\/v2\/users\/62"}],"replies":[{"embeddable":true,"href":"https:\/\/kfumcentral.se\/mabast\/wp-json\/wp\/v2\/comments?post=970"}],"version-history":[{"count":12,"href":"https:\/\/kfumcentral.se\/mabast\/wp-json\/wp\/v2\/posts\/970\/revisions"}],"predecessor-version":[{"id":997,"href":"https:\/\/kfumcentral.se\/mabast\/wp-json\/wp\/v2\/posts\/970\/revisions\/997"}],"wp:featuredmedia":[{"embeddable":true,"href":"https:\/\/kfumcentral.se\/mabast\/wp-json\/wp\/v2\/media\/989"}],"wp:attachment":[{"href":"https:\/\/kfumcentral.se\/mabast\/wp-json\/wp\/v2\/media?parent=970"}],"wp:term":[{"taxonomy":"category","embeddable":true,"href":"https:\/\/kfumcentral.se\/mabast\/wp-json\/wp\/v2\/categories?post=970"},{"taxonomy":"post_tag","embeddable":true,"href":"https:\/\/kfumcentral.se\/mabast\/wp-json\/wp\/v2\/tags?post=970"}],"curies":[{"name":"wp","href":"https:\/\/api.w.org\/{rel}","templated":true}]}}